{"id":607,"date":"2016-06-04T19:08:31","date_gmt":"2016-06-04T17:08:31","guid":{"rendered":"http:\/\/fk-umoja.com\/?p=607"},"modified":"2016-06-30T18:01:52","modified_gmt":"2016-06-30T16:01:52","slug":"einladung-zum-vortrag-perspektiven-fuer-afrika","status":"publish","type":"post","link":"https:\/\/fk-umoja.com\/en\/einladung-zum-vortrag-perspektiven-fuer-afrika\/","title":{"rendered":"Einladung zum Vortrag &#8222;Perspektiven f\u00fcr Afrika&#8220;"},"content":{"rendered":"<p>Liebe Mitglieder,<br \/>\nLiebe Freundinnen und Freunde von \u201eMama Mutig\u201c und Umoja,<br \/>\nLiebe Interessierte,<\/p>\n<p>hiermit m\u00f6chten wir Sie\/Euch recht herzlich einladen zu dem Vortrag  \u201ePerspektiven f\u00fcr Afrika\u201c.<br \/>\n<strong>am Donnerstag, den 30.06.2016<br \/>\num 19.00 Uhr<br \/>\nim Haus Portz.<\/strong><\/p>\n<p>Im beigef\u00fcgten <a href=\"http:\/\/fk-umoja.com\/wp-content\/uploads\/2016\/06\/Perspektiven-f\u00fcr-Afrika.pdf\">Anhang<\/a> finden Sie alle Informationen \u00fcber Ort und Zeitpunkt der Veranstaltung.<\/p>\n<p>Bedanken m\u00f6chten wir uns auf diesem Wege bei Ratsherrn Markus Schumacher und der FDP-Fraktion im Rat der Stadt Grevenbroich f\u00fcr die Initiative zu dieser gemeinsamen Aktion und die tolle Unterst\u00fctzung unserer Vereinsarbeit.<\/p>\n<p>Besonders interessant ist sicher der Vortrag von Frau Gudrun Kopp, die aufgrund ihrer T\u00e4tigkeit viele wertvolle Informationen vermitteln kann, und auch der Vortrag unseres Vorstandsmitgliedes Barbara Becht \u00fcber ihren Besuch bei Rebecca Lolosoli und den Frauen von Umoja im Mai 2016.<\/p>\n<p>Sie erhalten die Informationen also aus erster Hand und wir w\u00fcrden uns sehr freuen, Sie\/Euch am 30. Juni 2016 im Haus Portz begr\u00fc\u00dfen zu k\u00f6nnen.<\/p>\n<p>Mit herzlichen Gr\u00fc\u00dfen<br \/>\nIse Stockums<br \/>\nVorstandsvorsitzende<br \/>\nFreundeskreis Umoja-Friends of Umoja e. V.<\/p>\n<p><a href=\"http:\/\/fk-umoja.com\/wp-content\/uploads\/2016\/06\/20160629-Erftkurier.jpg\"><img loading=\"lazy\" decoding=\"async\" src=\"http:\/\/fk-umoja.com\/wp-content\/uploads\/2016\/06\/20160629-Erftkurier-160x300.jpg\" alt=\"20160629 Erftkurier\" width=\"160\" height=\"300\" class=\"aligncenter size-medium wp-image-622\" srcset=\"https:\/\/fk-umoja.com\/wp-content\/uploads\/2016\/06\/20160629-Erftkurier-160x300.jpg 160w, https:\/\/fk-umoja.com\/wp-content\/uploads\/2016\/06\/20160629-Erftkurier.jpg 421w\" sizes=\"(max-width: 160px) 100vw, 160px\" \/><\/a><\/p>","protected":false},"excerpt":{"rendered":"<p>Liebe Mitglieder, Liebe Freundinnen und Freunde von \u201eMama Mutig\u201c und Umoja, Liebe Interessierte, hiermit m\u00f6chten wir Sie\/Euch recht herzlich einladen zu dem Vortrag \u201ePerspektiven f\u00fcr Afrika\u201c. am Donnerstag, den 30.06.2016 um 19.00 Uhr im Haus Portz. Im beigef\u00fcgten Anhang finden Sie alle Informationen \u00fcber Ort und Zeitpunkt der Veranstaltung. Bedanken m\u00f6chten wir uns auf diesem [&hellip;]<\/p>","protected":false},"author":1,"featured_media":71,"comment_status":"open","ping_status":"closed","sticky":false,"template":"","format":"standard","meta":{"footnotes":""},"categories":[1],"tags":[],"_links":{"self":[{"href":"https:\/\/fk-umoja.com\/en\/wp-json\/wp\/v2\/posts\/607"}],"collection":[{"href":"https:\/\/fk-umoja.com\/en\/wp-json\/wp\/v2\/posts"}],"about":[{"href":"https:\/\/fk-umoja.com\/en\/wp-json\/wp\/v2\/types\/post"}],"author":[{"embeddable":true,"href":"https:\/\/fk-umoja.com\/en\/wp-json\/wp\/v2\/users\/1"}],"replies":[{"embeddable":true,"href":"https:\/\/fk-umoja.com\/en\/wp-json\/wp\/v2\/comments?post=607"}],"version-history":[{"count":4,"href":"https:\/\/fk-umoja.com\/en\/wp-json\/wp\/v2\/posts\/607\/revisions"}],"predecessor-version":[{"id":624,"href":"https:\/\/fk-umoja.com\/en\/wp-json\/wp\/v2\/posts\/607\/revisions\/624"}],"wp:featuredmedia":[{"embeddable":true,"href":"https:\/\/fk-umoja.com\/en\/wp-json\/wp\/v2\/media\/71"}],"wp:attachment":[{"href":"https:\/\/fk-umoja.com\/en\/wp-json\/wp\/v2\/media?parent=607"}],"wp:term":[{"taxonomy":"category","embeddable":true,"href":"https:\/\/fk-umoja.com\/en\/wp-json\/wp\/v2\/categories?post=607"},{"taxonomy":"post_tag","embeddable":true,"href":"https:\/\/fk-umoja.com\/en\/wp-json\/wp\/v2\/tags?post=607"}],"curies":[{"name":"wp","href":"https:\/\/api.w.org\/{rel}","templated":true}]}}