{"id":2612,"date":"2026-02-06T16:51:54","date_gmt":"2026-02-06T15:51:54","guid":{"rendered":"https:\/\/fk-umoja.com\/?p=2612"},"modified":"2026-02-06T17:42:28","modified_gmt":"2026-02-06T16:42:28","slug":"ein-toller-schulstart-in-umoja","status":"publish","type":"post","link":"https:\/\/fk-umoja.com\/en\/ein-toller-schulstart-in-umoja\/","title":{"rendered":"Ein toller Schulstart in Umoja"},"content":{"rendered":"<p>Im Jahr 2025 konnte der Freundeskreis Projekte f\u00f6rdern, die teilweise bereits seit einiger Zeit im Gespr\u00e4ch waren, aber aufgrund anderer Priorit\u00e4ten zun\u00e4chst zur\u00fcckgestellt wurden.<\/p>\n<p>Aus den angesparten F\u00f6rderbeitr\u00e4gen unserer Mitglieder konnten im Dezember 2025 8.440 Euro f\u00fcr die Umz\u00e4unung des Schulgel\u00e4ndes und die Verlegung von Fliesen bereitgestellt werden. Ein erfreulich hohes Spendenaufkommen zum Ende des Jahres 2025 erm\u00f6glichte die \u00dcberweisung von 18.490 Euro zur Ausstattung der Schule mit Internet-Infrastruktur und Computern. Und schlie\u00dflich finanzierten wir aus einer zweckgebundenen Spende und freien Mitteln Schlafmatten f\u00fcr die Vorschulkinder. Nach der \u00dcberweisung der Betr\u00e4ge wurde unmittelbar mit der Umsetzung begonnen. Zus\u00e4tzlich wurden aus der ersten \u00dcberweisung im Rahmen unseres P+7-Projektes neue Schulb\u00fccher beschafft. All dies erm\u00f6glichte einen tollen Schulstart in Umoja.<\/p>\n<p>Wir danken von Herzen unseren Spenderinnen und Spendern sowie unseren P+7-Patinnen und -Paten, die uns die Durchf\u00fchrung dieser Projekte mit ihrer Unterst\u00fctzung erm\u00f6glicht haben:<\/p>\n<p><strong>a) Umz\u00e4unung des Schulgel\u00e4ndes<\/strong><\/p>\n<p>Die Schulleitung hat im Jahr 2025 erneut darum gebeten, das Schulgel\u00e4nde einzuz\u00e4unen, um eine Abgrenzung zum \u00fcbrigen Areal des Frauendorfes zu erreichen und auch unbefugtem Zutritt vorzubeugen. Von Dezember 2025 bis Februar 2026 wurden die Umz\u00e4unung und das Eingangstor fertiggestellt.  <img loading=\"lazy\" decoding=\"async\" src=\"https:\/\/fk-umoja.com\/wp-content\/uploads\/2026\/02\/Zaun.png\" alt=\"\" width=\"139\" height=\"197\" class=\"alignright size-full wp-image-2615\" srcset=\"https:\/\/fk-umoja.com\/wp-content\/uploads\/2026\/02\/Zaun.png 139w, https:\/\/fk-umoja.com\/wp-content\/uploads\/2026\/02\/Zaun-8x12.png 8w\" sizes=\"(max-width: 139px) 100vw, 139px\" \/><\/p>\n<p><strong>b) Verlegung von Fliesen in den Klassenr\u00e4umen<\/strong><\/p>\n<p>Die Klassenr\u00e4ume sind derzeit nicht mit festen B\u00f6den ausgestattet, was j\u00e4hrliche Reparaturen erforderlich macht. Beginnend mit dem Raum der 7. Klasse wurden Bodenfliesen verlegt, welche nachhaltiger sind und die Reinigung der R\u00e4ume wesentlich erleichtern. Auch ein Teil des Laufgangs vor den Klassen konnte bereits gefliest werden.<br \/>\n<img loading=\"lazy\" decoding=\"async\" src=\"https:\/\/fk-umoja.com\/wp-content\/uploads\/2026\/02\/Fliesen-KLasse-7-300x166.png\" alt=\"\" width=\"300\" height=\"166\" class=\"alignright size-medium wp-image-2616\" srcset=\"https:\/\/fk-umoja.com\/wp-content\/uploads\/2026\/02\/Fliesen-KLasse-7-300x166.png 300w, https:\/\/fk-umoja.com\/wp-content\/uploads\/2026\/02\/Fliesen-KLasse-7-18x10.png 18w, https:\/\/fk-umoja.com\/wp-content\/uploads\/2026\/02\/Fliesen-KLasse-7.png 354w\" sizes=\"(max-width: 300px) 100vw, 300px\" \/><br \/>\n<img loading=\"lazy\" decoding=\"async\" src=\"https:\/\/fk-umoja.com\/wp-content\/uploads\/2026\/02\/Fliesen-Laufgang.png\" alt=\"\" width=\"193\" height=\"255\" class=\"alignright size-full wp-image-2617\" srcset=\"https:\/\/fk-umoja.com\/wp-content\/uploads\/2026\/02\/Fliesen-Laufgang.png 193w, https:\/\/fk-umoja.com\/wp-content\/uploads\/2026\/02\/Fliesen-Laufgang-9x12.png 9w\" sizes=\"(max-width: 193px) 100vw, 193px\" \/><\/p>\n<p><strong>c) Ausstattung der Schule mit Internet-Infrastruktur und Computern<\/strong><\/p>\n<p>Die Heranf\u00fchrung der Sch\u00fclerinnen und Sch\u00fcler an den Umgang mit Computern und die Nutzung des Internets ist Teil des Curriculums. Daher waren die Lehrkr\u00e4fte sowie die Schulkinder besonders dankbar, dass aus freien Spenden die Internet-Infrastruktur (Starlink) aufgebaut und ein ganzer Cyberraum mit M\u00f6beln und 32 Laptops ausgestattet werden konnte. Zur Sicherung vor Diebstahl wurden der Aufbewahrungsraum vorab mit Gittern ausgestattet und die 4 Bildschirme in den Klassenr\u00e4umen mit einem Schutzk\u00e4fig versehen.<br \/>\n<img loading=\"lazy\" decoding=\"async\" src=\"https:\/\/fk-umoja.com\/wp-content\/uploads\/2026\/02\/Bildschirme-143x300.png\" alt=\"\" width=\"143\" height=\"300\" class=\"alignright size-medium wp-image-2618\" srcset=\"https:\/\/fk-umoja.com\/wp-content\/uploads\/2026\/02\/Bildschirme-143x300.png 143w, https:\/\/fk-umoja.com\/wp-content\/uploads\/2026\/02\/Bildschirme-6x12.png 6w, https:\/\/fk-umoja.com\/wp-content\/uploads\/2026\/02\/Bildschirme.png 153w\" sizes=\"(max-width: 143px) 100vw, 143px\" \/><br \/>\nDie Bildungsziele des kompetenzbasierten Lehrplans (CBC) umfassen auch die F\u00f6rderung technologischer und industrieller Bed\u00fcrfnisse f\u00fcr die nationale Entwicklung. Digitale Kompetenz ist eine dynamische F\u00e4higkeit in unserer sich schnell ver\u00e4ndernden Welt; sie gilt als eine der wichtigsten Kernkompetenzen f\u00fcr Lernen und Leben im 21. Jahrhundert, die bestehende Denk- und Handelns-Fragen stellt und zu innovativem, kreativem und oft transformativem Lernen f\u00fchrt. Die neue Ausstattung sichert nun allen Schulkindern digitale Schulungen.<br \/>\nAu\u00dferdem wird der kontinuierlichen interkultureller Austausch zwischen den Schulkindern in Umoja und den Sch\u00fclerinnen und Sch\u00fclern der Grundschule Neuenhausen erm\u00f6glicht.<br \/>\n<img loading=\"lazy\" decoding=\"async\" src=\"https:\/\/fk-umoja.com\/wp-content\/uploads\/2026\/02\/PCs-300x170.png\" alt=\"\" width=\"300\" height=\"170\" class=\"alignright size-medium wp-image-2619\" srcset=\"https:\/\/fk-umoja.com\/wp-content\/uploads\/2026\/02\/PCs-300x170.png 300w, https:\/\/fk-umoja.com\/wp-content\/uploads\/2026\/02\/PCs-18x10.png 18w, https:\/\/fk-umoja.com\/wp-content\/uploads\/2026\/02\/PCs.png 362w\" sizes=\"(max-width: 300px) 100vw, 300px\" \/><\/p>\n<p><strong>d) Schlafmatten f\u00fcr die Vorschulkinder<\/strong><\/p>\n<p>Die Vorschulkinder schliefen bisher, an ihren Tischen sitzend, mit den K\u00f6pfen auf der Tischplatte. An den bunten neuen Schlafmatten haben sie sicherlich ihre Freude.<br \/>\n<img loading=\"lazy\" decoding=\"async\" src=\"https:\/\/fk-umoja.com\/wp-content\/uploads\/2026\/02\/Schlafmatten.png\" alt=\"\" width=\"251\" height=\"164\" class=\"alignright size-full wp-image-2620\" srcset=\"https:\/\/fk-umoja.com\/wp-content\/uploads\/2026\/02\/Schlafmatten.png 251w, https:\/\/fk-umoja.com\/wp-content\/uploads\/2026\/02\/Schlafmatten-18x12.png 18w\" sizes=\"(max-width: 251px) 100vw, 251px\" \/><\/p>\n<p>e) Zum Schulstart wurden aus den P+7-Beitr\u00e4gen des Freundeskreises neue <strong>Schulb\u00fccher <\/strong>angeschafft. Das Lehrpersonal und alle Sch\u00fclerinnen und Sch\u00fcler sind sehr froh \u00fcber das neue Lehrnmaterial. Die B\u00fccher ber\u00fccksichtigen den neuen kompetenzbasierten Lehrplan (CBC), der sieben Kernkompetenzen f\u00f6rdert, wie kritisches Denken, digitale Kompetenz und Kreativit\u00e4t. Der CBC geht weg von reiner Memorisierung und hin zu einem Ansatz, der Sch\u00fclerinnen und Sch\u00fcler auf reale Herausforderungen vorbereitet. So \u00f6ffnet sich die T\u00fcr zu einer spannenden Bildungsreise getreu dem Schulmotto: &#8222;rise to shine. \u201d<br \/>\n<img loading=\"lazy\" decoding=\"async\" src=\"https:\/\/fk-umoja.com\/wp-content\/uploads\/2026\/02\/IMG-20260124-WA0005-300x225.jpg\" alt=\"\" width=\"300\" height=\"225\" class=\"alignright size-medium wp-image-2614\" srcset=\"https:\/\/fk-umoja.com\/wp-content\/uploads\/2026\/02\/IMG-20260124-WA0005-300x225.jpg 300w, https:\/\/fk-umoja.com\/wp-content\/uploads\/2026\/02\/IMG-20260124-WA0005-1024x768.jpg 1024w, https:\/\/fk-umoja.com\/wp-content\/uploads\/2026\/02\/IMG-20260124-WA0005-768x576.jpg 768w, https:\/\/fk-umoja.com\/wp-content\/uploads\/2026\/02\/IMG-20260124-WA0005-1536x1152.jpg 1536w, https:\/\/fk-umoja.com\/wp-content\/uploads\/2026\/02\/IMG-20260124-WA0005-16x12.jpg 16w, https:\/\/fk-umoja.com\/wp-content\/uploads\/2026\/02\/IMG-20260124-WA0005.jpg 1600w\" sizes=\"(max-width: 300px) 100vw, 300px\" \/><\/p>","protected":false},"excerpt":{"rendered":"<p>Im Jahr 2025 konnte der Freundeskreis Projekte f\u00f6rdern, die teilweise bereits seit einiger Zeit im Gespr\u00e4ch waren, aber aufgrund anderer Priorit\u00e4ten zun\u00e4chst zur\u00fcckgestellt wurden. Aus den angesparten F\u00f6rderbeitr\u00e4gen unserer Mitglieder konnten im Dezember 2025 8.440 Euro f\u00fcr die Umz\u00e4unung des Schulgel\u00e4ndes und die Verlegung von Fliesen bereitgestellt werden. Ein erfreulich hohes Spendenaufkommen zum Ende des [&hellip;]<\/p>","protected":false},"author":1,"featured_media":2613,"comment_status":"open","ping_status":"closed","sticky":false,"template":"","format":"standard","meta":{"footnotes":""},"categories":[13,24],"tags":[],"_links":{"self":[{"href":"https:\/\/fk-umoja.com\/en\/wp-json\/wp\/v2\/posts\/2612"}],"collection":[{"href":"https:\/\/fk-umoja.com\/en\/wp-json\/wp\/v2\/posts"}],"about":[{"href":"https:\/\/fk-umoja.com\/en\/wp-json\/wp\/v2\/types\/post"}],"author":[{"embeddable":true,"href":"https:\/\/fk-umoja.com\/en\/wp-json\/wp\/v2\/users\/1"}],"replies":[{"embeddable":true,"href":"https:\/\/fk-umoja.com\/en\/wp-json\/wp\/v2\/comments?post=2612"}],"version-history":[{"count":4,"href":"https:\/\/fk-umoja.com\/en\/wp-json\/wp\/v2\/posts\/2612\/revisions"}],"predecessor-version":[{"id":2624,"href":"https:\/\/fk-umoja.com\/en\/wp-json\/wp\/v2\/posts\/2612\/revisions\/2624"}],"wp:featuredmedia":[{"embeddable":true,"href":"https:\/\/fk-umoja.com\/en\/wp-json\/wp\/v2\/media\/2613"}],"wp:attachment":[{"href":"https:\/\/fk-umoja.com\/en\/wp-json\/wp\/v2\/media?parent=2612"}],"wp:term":[{"taxonomy":"category","embeddable":true,"href":"https:\/\/fk-umoja.com\/en\/wp-json\/wp\/v2\/categories?post=2612"},{"taxonomy":"post_tag","embeddable":true,"href":"https:\/\/fk-umoja.com\/en\/wp-json\/wp\/v2\/tags?post=2612"}],"curies":[{"name":"wp","href":"https:\/\/api.w.org\/{rel}","templated":true}]}}